{"id":985,"date":"2011-02-14T20:17:26","date_gmt":"2011-02-14T20:17:26","guid":{"rendered":"http:\/\/mezocsatote.hu\/?p=985"},"modified":"2012-01-06T20:08:49","modified_gmt":"2012-01-06T20:08:49","slug":"ket-kareset-mezocsaton","status":"publish","type":"post","link":"https:\/\/mezocsatote.hu\/?p=985","title":{"rendered":"K\u00e9t k\u00e1reset Mez\u0151cs\u00e1ton"},"content":{"rendered":"<p style=\"text-align: justify;\"><a href=\"http:\/\/mezocsatote.hu\/wp-content\/uploads\/2011\/02\/F\u00e9nyk\u00e9p00321.jpg\"><img loading=\"lazy\" decoding=\"async\" class=\"aligncenter size-large wp-image-994\" title=\"F\u00e9nyk\u00e9p0032\" src=\"http:\/\/mezocsatote.hu\/wp-content\/uploads\/2011\/02\/F\u00e9nyk\u00e9p00321-1024x768.jpg\" alt=\"\" width=\"614\" height=\"461\" srcset=\"https:\/\/mezocsatote.hu\/wp-content\/uploads\/2011\/02\/F\u00e9nyk\u00e9p00321-1024x768.jpg 1024w, https:\/\/mezocsatote.hu\/wp-content\/uploads\/2011\/02\/F\u00e9nyk\u00e9p00321-300x225.jpg 300w, https:\/\/mezocsatote.hu\/wp-content\/uploads\/2011\/02\/F\u00e9nyk\u00e9p00321.jpg 2048w\" sizes=\"auto, (max-width: 614px) 100vw, 614px\" \/><\/a>2011.02.14-\u00e9n az esti \u00f3r\u00e1kban a J\u00e1nos-\u00e9ri \u00fathoz riasztott\u00e1k egyes\u00fclet\u00fcnket sz\u00e1razf\u0171t\u0171zh\u00f6z. A helysz\u00ednen t\u00f6bb helyen \u00e9gett a sz\u00e1razf\u0171 aljn\u00f6v\u00e9nyzet, k\u00e9ziszersz\u00e1mokkal avatkoztunk be. Bevonul\u00e1s k\u00f6zben \u00fajabb k\u00e1resetet \u00e9szlelt\u00fcnk, ez\u00fattal a Kardos sz\u0151l\u0151n\u00e9l, ahol ugyancsak aljn\u00f6v\u00e9nyzet \u00e9gett, itt m\u00e1r &#8222;C&#8221; sug\u00e1rral avatkoztunk be, mindk\u00e9t helysz\u00ednen ott voltak a Saj\u00f3 egys\u00e9gek is.<\/p>\n","protected":false},"excerpt":{"rendered":"<p>2011.02.14-\u00e9n az esti \u00f3r\u00e1kban a J\u00e1nos-\u00e9ri \u00fathoz riasztott\u00e1k egyes\u00fclet\u00fcnket sz\u00e1razf\u0171t\u0171zh\u00f6z. A helysz\u00ednen t\u00f6bb helyen \u00e9gett a sz\u00e1razf\u0171 aljn\u00f6v\u00e9nyzet, k\u00e9ziszersz\u00e1mokkal avatkoztunk be. Bevonul\u00e1s k\u00f6zben \u00fajabb k\u00e1resetet \u00e9szlelt\u00fcnk, ez\u00fattal a Kardos sz\u0151l\u0151n\u00e9l, ahol ugyancsak aljn\u00f6v\u00e9nyzet \u00e9gett, itt m\u00e1r &#8222;C&#8221; sug\u00e1rral avatkoztunk be, mindk\u00e9t helysz\u00ednen ott voltak a Saj\u00f3 egys\u00e9gek is.<\/p>\n","protected":false},"author":2,"featured_media":0,"comment_status":"closed","ping_status":"closed","sticky":false,"template":"","format":"standard","meta":{"ngg_post_thumbnail":0,"footnotes":""},"categories":[3,5],"tags":[],"class_list":["post-985","post","type-post","status-publish","format-standard","hentry","category-hirek","category-karesetek-segitsegnyujtas"],"_links":{"self":[{"href":"https:\/\/mezocsatote.hu\/index.php?rest_route=\/wp\/v2\/posts\/985","targetHints":{"allow":["GET"]}}],"collection":[{"href":"https:\/\/mezocsatote.hu\/index.php?rest_route=\/wp\/v2\/posts"}],"about":[{"href":"https:\/\/mezocsatote.hu\/index.php?rest_route=\/wp\/v2\/types\/post"}],"author":[{"embeddable":true,"href":"https:\/\/mezocsatote.hu\/index.php?rest_route=\/wp\/v2\/users\/2"}],"replies":[{"embeddable":true,"href":"https:\/\/mezocsatote.hu\/index.php?rest_route=%2Fwp%2Fv2%2Fcomments&post=985"}],"version-history":[{"count":0,"href":"https:\/\/mezocsatote.hu\/index.php?rest_route=\/wp\/v2\/posts\/985\/revisions"}],"wp:attachment":[{"href":"https:\/\/mezocsatote.hu\/index.php?rest_route=%2Fwp%2Fv2%2Fmedia&parent=985"}],"wp:term":[{"taxonomy":"category","embeddable":true,"href":"https:\/\/mezocsatote.hu\/index.php?rest_route=%2Fwp%2Fv2%2Fcategories&post=985"},{"taxonomy":"post_tag","embeddable":true,"href":"https:\/\/mezocsatote.hu\/index.php?rest_route=%2Fwp%2Fv2%2Ftags&post=985"}],"curies":[{"name":"wp","href":"https:\/\/api.w.org\/{rel}","templated":true}]}}