{"id":1004,"date":"2011-03-03T05:44:34","date_gmt":"2011-03-03T05:44:34","guid":{"rendered":"http:\/\/mezocsatote.hu\/?p=1004"},"modified":"2012-01-06T20:08:49","modified_gmt":"2012-01-06T20:08:49","slug":"lakohaz-egett-mezocsaton","status":"publish","type":"post","link":"https:\/\/mezocsatote.hu\/?p=1004","title":{"rendered":"Lak\u00f3h\u00e1z \u00e9gett Mez\u0151cs\u00e1ton"},"content":{"rendered":"<p style=\"text-align: justify;\">2011.03.03-\u00e1n 02.52-kor riasztott\u00e1k a mez\u0151cs\u00e1ti t\u0171zolt\u00f3kat a Tisza\u00fajv\u00e1rosi k\u00f6zpontb\u00f3l, hogy \u00e9g egy lak\u00e1s a G\u00e1rdonyi utc\u00e1n. N\u00e9gy f\u0151vel vonultunk a helysz\u00ednre, ahol m\u00e1r a Saj\u00f3 egys\u00e9gek megkezdt\u00e9k a beavatkoz\u00e1st, az \u00e9p\u00fcletb\u0151l egy g\u00e1zpalackot is kihoztak. A t\u0171zeset v\u00e9lhet\u0151en nem mag\u00e1t\u00f3l keletkezett, az \u00fcgyet vizsg\u00e1lj\u00e1k.<\/p>\n<p style=\"text-align: center;\"><a href=\"http:\/\/mezocsatote.hu\/wp-content\/uploads\/2011\/03\/gardonyi_utca.jpg\"><img loading=\"lazy\" decoding=\"async\" class=\"aligncenter size-full wp-image-1014\" title=\"gardonyi_utca\" src=\"http:\/\/mezocsatote.hu\/wp-content\/uploads\/2011\/03\/gardonyi_utca.jpg\" alt=\"\" width=\"640\" height=\"480\" srcset=\"https:\/\/mezocsatote.hu\/wp-content\/uploads\/2011\/03\/gardonyi_utca.jpg 640w, https:\/\/mezocsatote.hu\/wp-content\/uploads\/2011\/03\/gardonyi_utca-300x225.jpg 300w\" sizes=\"auto, (max-width: 640px) 100vw, 640px\" \/><\/a><\/p>\n","protected":false},"excerpt":{"rendered":"<p>2011.03.03-\u00e1n 02.52-kor riasztott\u00e1k a mez\u0151cs\u00e1ti t\u0171zolt\u00f3kat a Tisza\u00fajv\u00e1rosi k\u00f6zpontb\u00f3l, hogy \u00e9g egy lak\u00e1s a G\u00e1rdonyi utc\u00e1n. N\u00e9gy f\u0151vel vonultunk a helysz\u00ednre, ahol m\u00e1r a Saj\u00f3 egys\u00e9gek megkezdt\u00e9k a beavatkoz\u00e1st, az \u00e9p\u00fcletb\u0151l egy g\u00e1zpalackot is kihoztak. A t\u0171zeset v\u00e9lhet\u0151en nem mag\u00e1t\u00f3l keletkezett, az \u00fcgyet vizsg\u00e1lj\u00e1k.<\/p>\n","protected":false},"author":2,"featured_media":0,"comment_status":"closed","ping_status":"closed","sticky":false,"template":"","format":"standard","meta":{"ngg_post_thumbnail":0,"footnotes":""},"categories":[3,5],"tags":[],"class_list":["post-1004","post","type-post","status-publish","format-standard","hentry","category-hirek","category-karesetek-segitsegnyujtas"],"_links":{"self":[{"href":"https:\/\/mezocsatote.hu\/index.php?rest_route=\/wp\/v2\/posts\/1004","targetHints":{"allow":["GET"]}}],"collection":[{"href":"https:\/\/mezocsatote.hu\/index.php?rest_route=\/wp\/v2\/posts"}],"about":[{"href":"https:\/\/mezocsatote.hu\/index.php?rest_route=\/wp\/v2\/types\/post"}],"author":[{"embeddable":true,"href":"https:\/\/mezocsatote.hu\/index.php?rest_route=\/wp\/v2\/users\/2"}],"replies":[{"embeddable":true,"href":"https:\/\/mezocsatote.hu\/index.php?rest_route=%2Fwp%2Fv2%2Fcomments&post=1004"}],"version-history":[{"count":0,"href":"https:\/\/mezocsatote.hu\/index.php?rest_route=\/wp\/v2\/posts\/1004\/revisions"}],"wp:attachment":[{"href":"https:\/\/mezocsatote.hu\/index.php?rest_route=%2Fwp%2Fv2%2Fmedia&parent=1004"}],"wp:term":[{"taxonomy":"category","embeddable":true,"href":"https:\/\/mezocsatote.hu\/index.php?rest_route=%2Fwp%2Fv2%2Fcategories&post=1004"},{"taxonomy":"post_tag","embeddable":true,"href":"https:\/\/mezocsatote.hu\/index.php?rest_route=%2Fwp%2Fv2%2Ftags&post=1004"}],"curies":[{"name":"wp","href":"https:\/\/api.w.org\/{rel}","templated":true}]}}