{"id":1168,"date":"2011-06-30T08:31:12","date_gmt":"2011-06-30T08:31:12","guid":{"rendered":"http:\/\/mezocsatote.hu\/?p=1168"},"modified":"2012-01-06T20:08:49","modified_gmt":"2012-01-06T20:08:49","slug":"segitseg-erdelyi-egyesuletnek","status":"publish","type":"post","link":"http:\/\/mezocsatote.hu\/?p=1168","title":{"rendered":"Seg\u00edts\u00e9g erd\u00e9lyi egyes\u00fcletnek"},"content":{"rendered":"<p style=\"text-align: justify;\">A Mez\u0151cs\u00e1ti \u00d6nk\u00e9ntes T\u0171zolt\u00f3 Egyes\u00fclet seg\u00edtett az erd\u00e9lyi L\u00e1z\u00e1rfalvai Egyes\u00fcletnek r\u00e9gi bevet\u00e9si ruh\u00e1k adom\u00e1nyoz\u00e1s\u00e1val. Neh\u00e9z anyagi helyzet\u00fcnk\u00f6n k\u00edv\u00fcl nem ez volt az els\u0151 seg\u00edts\u00e9g, rem\u00e9lj\u00fck nem is az utols\u00f3. \u00c1brah\u00e1m Mih\u00e1ly orvos juttatta el az adom\u00e1nyt, aki maga is erd\u00e9lyi. \u00d6r\u00fcl\u00fcnk hogy seg\u00edthett\u00fcnk.<\/p>\n<p style=\"text-align: justify;\"><a href=\"http:\/\/mezocsatote.hu\/wp-content\/uploads\/2011\/06\/F\u00e9nyk\u00e9p0097.jpg\"><img loading=\"lazy\" decoding=\"async\" class=\"aligncenter size-large wp-image-1177\" title=\"F\u00e9nyk\u00e9p0097\" src=\"http:\/\/mezocsatote.hu\/wp-content\/uploads\/2011\/06\/F\u00e9nyk\u00e9p0097-1024x768.jpg\" alt=\"\" width=\"635\" height=\"477\" srcset=\"http:\/\/mezocsatote.hu\/wp-content\/uploads\/2011\/06\/F\u00e9nyk\u00e9p0097-1024x768.jpg 1024w, http:\/\/mezocsatote.hu\/wp-content\/uploads\/2011\/06\/F\u00e9nyk\u00e9p0097-300x225.jpg 300w, http:\/\/mezocsatote.hu\/wp-content\/uploads\/2011\/06\/F\u00e9nyk\u00e9p0097.jpg 2048w\" sizes=\"auto, (max-width: 635px) 100vw, 635px\" \/><\/a><\/p>\n","protected":false},"excerpt":{"rendered":"<p>A Mez\u0151cs\u00e1ti \u00d6nk\u00e9ntes T\u0171zolt\u00f3 Egyes\u00fclet seg\u00edtett az erd\u00e9lyi L\u00e1z\u00e1rfalvai Egyes\u00fcletnek r\u00e9gi bevet\u00e9si ruh\u00e1k adom\u00e1nyoz\u00e1s\u00e1val. Neh\u00e9z anyagi helyzet\u00fcnk\u00f6n k\u00edv\u00fcl nem ez volt az els\u0151 seg\u00edts\u00e9g, rem\u00e9lj\u00fck nem is az utols\u00f3. \u00c1brah\u00e1m Mih\u00e1ly orvos juttatta el az adom\u00e1nyt, aki maga is erd\u00e9lyi. \u00d6r\u00fcl\u00fcnk hogy seg\u00edthett\u00fcnk.<\/p>\n","protected":false},"author":2,"featured_media":0,"comment_status":"closed","ping_status":"closed","sticky":false,"template":"","format":"standard","meta":{"ngg_post_thumbnail":0,"footnotes":""},"categories":[7,3,5],"tags":[],"class_list":["post-1168","post","type-post","status-publish","format-standard","hentry","category-egyesulet","category-hirek","category-karesetek-segitsegnyujtas"],"_links":{"self":[{"href":"http:\/\/mezocsatote.hu\/index.php?rest_route=\/wp\/v2\/posts\/1168","targetHints":{"allow":["GET"]}}],"collection":[{"href":"http:\/\/mezocsatote.hu\/index.php?rest_route=\/wp\/v2\/posts"}],"about":[{"href":"http:\/\/mezocsatote.hu\/index.php?rest_route=\/wp\/v2\/types\/post"}],"author":[{"embeddable":true,"href":"http:\/\/mezocsatote.hu\/index.php?rest_route=\/wp\/v2\/users\/2"}],"replies":[{"embeddable":true,"href":"http:\/\/mezocsatote.hu\/index.php?rest_route=%2Fwp%2Fv2%2Fcomments&post=1168"}],"version-history":[{"count":0,"href":"http:\/\/mezocsatote.hu\/index.php?rest_route=\/wp\/v2\/posts\/1168\/revisions"}],"wp:attachment":[{"href":"http:\/\/mezocsatote.hu\/index.php?rest_route=%2Fwp%2Fv2%2Fmedia&parent=1168"}],"wp:term":[{"taxonomy":"category","embeddable":true,"href":"http:\/\/mezocsatote.hu\/index.php?rest_route=%2Fwp%2Fv2%2Fcategories&post=1168"},{"taxonomy":"post_tag","embeddable":true,"href":"http:\/\/mezocsatote.hu\/index.php?rest_route=%2Fwp%2Fv2%2Ftags&post=1168"}],"curies":[{"name":"wp","href":"https:\/\/api.w.org\/{rel}","templated":true}]}}